{"id":9450,"date":"2024-11-18T18:44:15","date_gmt":"2024-11-18T22:44:15","guid":{"rendered":"https:\/\/respiralibre.com\/?p=9450"},"modified":"2024-11-20T14:08:07","modified_gmt":"2024-11-20T18:08:07","slug":"sajidxa-marino-fundadora-de-respira-libre-participa-en-la-serie-de-libros-mujeres-creando-impulsando-y-reinventando-el-mundo-de-los-negocios","status":"publish","type":"post","link":"https:\/\/respiralibre.com\/index.php\/sajidxa-marino-fundadora-de-respira-libre-participa-en-la-serie-de-libros-mujeres-creando-impulsando-y-reinventando-el-mundo-de-los-negocios\/","title":{"rendered":"Sajidxa Mari\u00f1o, Fundadora de Respira Libre, Participa en la Serie de Libros \u201cMujeres Creando, Impulsando y Reinventando el Mundo de los Negocios"},"content":{"rendered":"\t\t<div data-elementor-type=\"wp-post\" data-elementor-id=\"9450\" class=\"elementor elementor-9450\" data-elementor-post-type=\"post\">\n\t\t\t\t<div class=\"elementor-element elementor-element-c3e80e4 e-flex e-con-boxed e-con e-parent\" data-id=\"c3e80e4\" data-element_type=\"container\">\n\t\t\t\t\t<div class=\"e-con-inner\">\n\t\t\t\t<div class=\"elementor-element elementor-element-d08ccc1 elementor-widget elementor-widget-text-editor\" data-id=\"d08ccc1\" data-element_type=\"widget\" data-widget_type=\"text-editor.default\">\n\t\t\t\t<div class=\"elementor-widget-container\">\n\t\t\t\t\t\t\t<p>Miami, 18 de noviembre de 2024 &#8211; Respira Libre, l\u00edder en cirug\u00edas l\u00e1ser respiratorias, se enorgullece en anunciar que su fundadora y directora, la Dra. Sajidxa Mari\u00f1o, forma parte de la destacada serie de libros <i>\u201cMujeres Creando, Impulsando y Reinventando el Mundo de los Negocios\u201d<\/i>. La presentaci\u00f3n oficial de esta obra tendr\u00e1 lugar durante la Cumbre Miami, que se celebrar\u00e1 los d\u00edas 21, 22 y 23 de noviembre en el FIU Adam Smith Center for Economic Freedom.<\/p><p>Esta colecci\u00f3n de libros reconoce a mujeres empresarias que han transformado sus industrias y comunidades, y la participaci\u00f3n de la Dra.Sajidxa Mari\u00f1o es un testimonio de su liderazgo e innovaci\u00f3n en el \u00e1mbito de la salud. Bajo su direcci\u00f3n, Respira Libre ha revolucionado los tratamientos respiratorios con t\u00e9cnicas avanzadas, logrando impactar tanto a nivel nacional como internacional.<\/p><p><b>\u201cSer parte de este libro es un honor y una oportunidad para inspirar a m\u00e1s mujeres a liderar y transformar el mundo de los negocios. Mi historia es tambi\u00e9n la historia del compromiso de Respira Libre con el bienestar y la innovaci\u00f3n,\u201d<\/b> coment\u00f3 la Dra. Sajidxa Mari\u00f1o.<\/p><p>El libro est\u00e1 disponible para su compra en l\u00ednea. Descubre la historia detr\u00e1s del \u00e9xito de Respira Libre y de su fundadora adquiriendo tu ejemplar.<\/p>\t\t\t\t\t\t<\/div>\n\t\t\t\t<\/div>\n\t\t\t\t\t<\/div>\n\t\t\t\t<\/div>\n\t\t<div class=\"elementor-element elementor-element-79255c1 e-flex e-con-boxed e-con e-parent\" data-id=\"79255c1\" data-element_type=\"container\">\n\t\t\t\t\t<div class=\"e-con-inner\">\n\t\t\t\t<div class=\"elementor-element elementor-element-3ef427a elementor-align-center elementor-widget elementor-widget-button\" data-id=\"3ef427a\" data-element_type=\"widget\" data-widget_type=\"button.default\">\n\t\t\t\t<div class=\"elementor-widget-container\">\n\t\t\t\t\t<div class=\"elementor-button-wrapper\">\n\t\t\t<a class=\"elementor-button elementor-button-link elementor-size-sm\" href=\"http:\/\/amazon.com\/dp\/B0DM63SKHF\">\n\t\t\t\t\t\t<span class=\"elementor-button-content-wrapper\">\n\t\t\t\t\t\t\t\t\t<span class=\"elementor-button-text\">COMPRAR LIBRO<\/span>\n\t\t\t\t\t<\/span>\n\t\t\t\t\t<\/a>\n\t\t<\/div>\n\t\t\t\t<\/div>\n\t\t\t\t<\/div>\n\t\t\t\t\t<\/div>\n\t\t\t\t<\/div>\n\t\t<div class=\"elementor-element elementor-element-3107eec e-flex e-con-boxed e-con e-parent\" data-id=\"3107eec\" data-element_type=\"container\">\n\t\t\t\t\t<div class=\"e-con-inner\">\n\t\t\t\t<div class=\"elementor-element elementor-element-35189ac elementor-widget elementor-widget-text-editor\" data-id=\"35189ac\" data-element_type=\"widget\" data-widget_type=\"text-editor.default\">\n\t\t\t\t<div class=\"elementor-widget-container\">\n\t\t\t\t\t\t\t<p>La Dra. Sajidxa Mari\u00f1o tambi\u00e9n ha participado recientemente en el <b>Women Economic Forum (WEF) de Houston<\/b>, donde se destac\u00f3 por su liderazgo en el \u00e1mbito de la salud y su compromiso con el empoderamiento femenino. A continuaci\u00f3n, algunos enlaces relacionados con el WEF:<\/p>\n<p>1.<b>\u201cOrganizan el Women Economic Forum Houston, Texas\u201d<\/b> &#8211; Articulando<\/p>\n<p><a href=\"https:\/\/articulandord.com.do\/internacionales\/organizan-el-women-economic-forun-houston-texas\/\">https:\/\/articulandord.com.do\/internacionales\/organizan-el-women-economic-forun-houston-texas\/<\/a><\/p>\n<p>2.<b>\u201cOrganizan el Women Economic Forum Houston, Texas\u201d<\/b> &#8211; El Imparcial<\/p>\n<p><a href=\"https:\/\/www.imparcialrd.do\/2024\/11\/organizan-el-women-economic-forun.html\">https:\/\/www.imparcialrd.do\/2024\/11\/organizan-el-women-economic-forun.html<\/a><\/p>\n<p>3.<b>\u201cWomen Economic Forum se realizar\u00e1 este 14 de noviembre en la Universidad de Houston\u201d<\/b> &#8211; De Frente a la Verdad<\/p>\n<p><a href=\"https:\/\/defrentealaverdad.com\/index.php\/2024\/11\/14\/women-economic-forum-se-realizara-este-14-de-noviembre-en-la-universidad-de-houston\/\">https:\/\/defrentealaverdad.com\/index.php\/2024\/11\/14\/women-economic-forum-se-realizara-este-14-de-noviembre-en-la-universidad-de-houston\/<\/a><\/p>\n<p>4.<b>\u201cOrganizan el Women Economic Forum Houston, Texas\u201d<\/b> &#8211; Noti-Am\u00e9rica<\/p>\n<p><a href=\"https:\/\/noti-america.com\/site\/repdom\/2024\/11\/13\/organizan-el-women-economic-forum-houston-texas\/\">https:\/\/noti-america.com\/site\/repdom\/2024\/11\/13\/organizan-el-women-economic-forum-houston-texas\/<\/a><\/p>\n<p>Para m\u00e1s informaci\u00f3n sobre la Dra. Sajidxa Mari\u00f1o y su participaci\u00f3n en estos eventos, visita respiralibre.com&nbsp;<\/p>\t\t\t\t\t\t<\/div>\n\t\t\t\t<\/div>\n\t\t\t\t\t<\/div>\n\t\t\t\t<\/div>\n\t\t<div class=\"elementor-element elementor-element-4f81982 e-flex e-con-boxed e-con e-parent\" data-id=\"4f81982\" data-element_type=\"container\">\n\t\t\t\t\t<div class=\"e-con-inner\">\n\t\t\t\t<div class=\"elementor-element elementor-element-462d07e elementor-widget elementor-widget-image\" data-id=\"462d07e\" data-element_type=\"widget\" data-widget_type=\"image.default\">\n\t\t\t\t<div class=\"elementor-widget-container\">\n\t\t\t\t\t\t\t\t\t\t\t\t\t<img fetchpriority=\"high\" decoding=\"async\" width=\"768\" height=\"768\" src=\"https:\/\/respiralibre.com\/wp-content\/uploads\/2024\/11\/WhatsApp-Image-2024-11-18-at-17.43.48-1-768x768.jpeg\" class=\"attachment-medium_large size-medium_large wp-image-9457\" alt=\"Mujeres Creando, Impulsando y Reinventando el Mundo de los Negocios\" srcset=\"https:\/\/respiralibre.com\/wp-content\/uploads\/2024\/11\/WhatsApp-Image-2024-11-18-at-17.43.48-1-768x768.jpeg 768w, https:\/\/respiralibre.com\/wp-content\/uploads\/2024\/11\/WhatsApp-Image-2024-11-18-at-17.43.48-1-300x300.jpeg 300w, https:\/\/respiralibre.com\/wp-content\/uploads\/2024\/11\/WhatsApp-Image-2024-11-18-at-17.43.48-1-1024x1024.jpeg 1024w, https:\/\/respiralibre.com\/wp-content\/uploads\/2024\/11\/WhatsApp-Image-2024-11-18-at-17.43.48-1-150x150.jpeg 150w, https:\/\/respiralibre.com\/wp-content\/uploads\/2024\/11\/WhatsApp-Image-2024-11-18-at-17.43.48-1-1536x1536.jpeg 1536w, https:\/\/respiralibre.com\/wp-content\/uploads\/2024\/11\/WhatsApp-Image-2024-11-18-at-17.43.48-1.jpeg 1600w\" sizes=\"(max-width: 768px) 100vw, 768px\" \/>\t\t\t\t\t\t\t\t\t\t\t\t\t<\/div>\n\t\t\t\t<\/div>\n\t\t\t\t\t<\/div>\n\t\t\t\t<\/div>\n\t\t\t\t<\/div>\n\t\t","protected":false},"excerpt":{"rendered":"<p>Miami, 18 de noviembre de 2024 &#8211; Respira Libre, l\u00edder en cirug\u00edas l\u00e1ser respiratorias, se enorgullece en anunciar que su fundadora y directora, la Dra. Sajidxa Mari\u00f1o, forma parte de la destacada serie de libros \u201cMujeres Creando, Impulsando y Reinventando el Mundo de los Negocios\u201d. La presentaci\u00f3n oficial de esta obra tendr\u00e1 lugar durante la [&hellip;]<\/p>\n","protected":false},"author":4,"featured_media":9451,"comment_status":"open","ping_status":"open","sticky":false,"template":"","format":"standard","meta":{"footnotes":""},"categories":[1],"tags":[],"class_list":["post-9450","post","type-post","status-publish","format-standard","has-post-thumbnail","hentry","category-uncategorized"],"_links":{"self":[{"href":"https:\/\/respiralibre.com\/index.php\/wp-json\/wp\/v2\/posts\/9450","targetHints":{"allow":["GET"]}}],"collection":[{"href":"https:\/\/respiralibre.com\/index.php\/wp-json\/wp\/v2\/posts"}],"about":[{"href":"https:\/\/respiralibre.com\/index.php\/wp-json\/wp\/v2\/types\/post"}],"author":[{"embeddable":true,"href":"https:\/\/respiralibre.com\/index.php\/wp-json\/wp\/v2\/users\/4"}],"replies":[{"embeddable":true,"href":"https:\/\/respiralibre.com\/index.php\/wp-json\/wp\/v2\/comments?post=9450"}],"version-history":[{"count":18,"href":"https:\/\/respiralibre.com\/index.php\/wp-json\/wp\/v2\/posts\/9450\/revisions"}],"predecessor-version":[{"id":9477,"href":"https:\/\/respiralibre.com\/index.php\/wp-json\/wp\/v2\/posts\/9450\/revisions\/9477"}],"wp:featuredmedia":[{"embeddable":true,"href":"https:\/\/respiralibre.com\/index.php\/wp-json\/wp\/v2\/media\/9451"}],"wp:attachment":[{"href":"https:\/\/respiralibre.com\/index.php\/wp-json\/wp\/v2\/media?parent=9450"}],"wp:term":[{"taxonomy":"category","embeddable":true,"href":"https:\/\/respiralibre.com\/index.php\/wp-json\/wp\/v2\/categories?post=9450"},{"taxonomy":"post_tag","embeddable":true,"href":"https:\/\/respiralibre.com\/index.php\/wp-json\/wp\/v2\/tags?post=9450"}],"curies":[{"name":"wp","href":"https:\/\/api.w.org\/{rel}","templated":true}]}}